{"id":4302,"date":"2024-12-10T09:38:25","date_gmt":"2024-12-10T14:38:25","guid":{"rendered":"https:\/\/www.ocwa.com\/ocwa-participates-in-local-santa-claus-parades\/"},"modified":"2026-03-17T13:32:53","modified_gmt":"2026-03-17T17:32:53","slug":"ocwa-participates-in-local-santa-claus-parades","status":"publish","type":"post","link":"https:\/\/www.ocwa.com\/fr\/ocwa-participates-in-local-santa-claus-parades\/","title":{"rendered":"L&rsquo;AOE participe aux d\u00e9fil\u00e9s locaux du P\u00e8re No\u00ebl"},"content":{"rendered":"\n<figure class=\"wp-block-gallery has-nested-images columns-default is-cropped wp-block-gallery-1 is-layout-flex wp-block-gallery-is-layout-flex\">\n<figure class=\"wp-block-image size-large\"><img loading=\"lazy\" decoding=\"async\" width=\"640\" height=\"480\" data-id=\"4295\" src=\"https:\/\/www.ocwa.com\/wp-content\/uploads\/2024\/12\/stratford-parade1-1-rotated.jpg\" alt=\"\" class=\"wp-image-4295\" srcset=\"https:\/\/www.ocwa.com\/wp-content\/uploads\/2024\/12\/stratford-parade1-1-rotated.jpg 640w, https:\/\/www.ocwa.com\/wp-content\/uploads\/2024\/12\/stratford-parade1-1-300x225.jpg 300w, https:\/\/www.ocwa.com\/wp-content\/uploads\/2024\/12\/stratford-parade1-1-400x300.jpg 400w\" sizes=\"auto, (max-width: 640px) 100vw, 640px\" \/><figcaption class=\"wp-element-caption\">Personnel de l&rsquo;AOE au d\u00e9fil\u00e9 du P\u00e8re No\u00ebl \u00e0 Stratford<\/figcaption><\/figure>\n\n\n\n<figure class=\"wp-block-image size-large\"><img loading=\"lazy\" decoding=\"async\" width=\"480\" height=\"640\" data-id=\"4288\" src=\"https:\/\/www.ocwa.com\/wp-content\/uploads\/2024\/12\/stratford-parade2-rotated.jpg\" alt=\"\" class=\"wp-image-4288\" srcset=\"https:\/\/www.ocwa.com\/wp-content\/uploads\/2024\/12\/stratford-parade2-rotated.jpg 480w, https:\/\/www.ocwa.com\/wp-content\/uploads\/2024\/12\/stratford-parade2-225x300.jpg 225w, https:\/\/www.ocwa.com\/wp-content\/uploads\/2024\/12\/stratford-parade2-400x533.jpg 400w\" sizes=\"auto, (max-width: 480px) 100vw, 480px\" \/><figcaption class=\"wp-element-caption\">Personnel de l&rsquo;AOE au d\u00e9fil\u00e9 du P\u00e8re No\u00ebl \u00e0 Stratford<\/figcaption><\/figure>\n\n\n\n<figure class=\"wp-block-image size-large\"><img loading=\"lazy\" decoding=\"async\" width=\"1024\" height=\"711\" data-id=\"4293\" src=\"https:\/\/www.ocwa.com\/wp-content\/uploads\/2024\/12\/group-photo-1024x711.jpg\" alt=\"\" class=\"wp-image-4293\" srcset=\"https:\/\/www.ocwa.com\/wp-content\/uploads\/2024\/12\/group-photo-1024x711.jpg 1024w, https:\/\/www.ocwa.com\/wp-content\/uploads\/2024\/12\/group-photo-300x208.jpg 300w, https:\/\/www.ocwa.com\/wp-content\/uploads\/2024\/12\/group-photo-768x533.jpg 768w, https:\/\/www.ocwa.com\/wp-content\/uploads\/2024\/12\/group-photo-1536x1066.jpg 1536w, https:\/\/www.ocwa.com\/wp-content\/uploads\/2024\/12\/group-photo-400x278.jpg 400w, https:\/\/www.ocwa.com\/wp-content\/uploads\/2024\/12\/group-photo.jpg 1704w\" sizes=\"auto, (max-width: 1024px) 100vw, 1024px\" \/><figcaption class=\"wp-element-caption\">L&rsquo;AOE au d\u00e9fil\u00e9 du P\u00e8re No\u00ebl \u00e0 St. Marys<\/figcaption><\/figure>\n\n\n\n<figure class=\"wp-block-image size-large is-style-default\"><img loading=\"lazy\" decoding=\"async\" width=\"1024\" height=\"768\" data-id=\"4290\" src=\"https:\/\/www.ocwa.com\/wp-content\/uploads\/2024\/12\/XMAS-Parade-1024x768.jpg\" alt=\"\" class=\"wp-image-4290\" srcset=\"https:\/\/www.ocwa.com\/wp-content\/uploads\/2024\/12\/XMAS-Parade-1024x768.jpg 1024w, https:\/\/www.ocwa.com\/wp-content\/uploads\/2024\/12\/XMAS-Parade-300x225.jpg 300w, https:\/\/www.ocwa.com\/wp-content\/uploads\/2024\/12\/XMAS-Parade-768x576.jpg 768w, https:\/\/www.ocwa.com\/wp-content\/uploads\/2024\/12\/XMAS-Parade-1536x1152.jpg 1536w, https:\/\/www.ocwa.com\/wp-content\/uploads\/2024\/12\/XMAS-Parade-2048x1536.jpg 2048w, https:\/\/www.ocwa.com\/wp-content\/uploads\/2024\/12\/XMAS-Parade-2000x1500.jpg 2000w, https:\/\/www.ocwa.com\/wp-content\/uploads\/2024\/12\/XMAS-Parade-400x300.jpg 400w\" sizes=\"auto, (max-width: 1024px) 100vw, 1024px\" \/><figcaption class=\"wp-element-caption\">Le personnel de l&rsquo;AOE au d\u00e9fil\u00e9 du P\u00e8re No\u00ebl \u00e0 Parkhill<\/figcaption><\/figure>\n<\/figure>\n\n\n\n<div style=\"height:43px\" aria-hidden=\"true\" class=\"wp-block-spacer\"><\/div>\n\n\n\n<p>Le personnel de l&rsquo;AOE c\u00e9l\u00e8bre la p\u00e9riode des F\u00eates partout en Ontario en participant aux d\u00e9fil\u00e9s locaux du P\u00e8re No\u00ebl.<br><\/p>\n\n\n\n<p>La ville de St. Marys a organis\u00e9 son d\u00e9fil\u00e9 du P\u00e8re No\u00ebl le 15 novembre. Le personnel de l&rsquo;AOE et leurs familles ont particip\u00e9 \u00e0 cet \u00e9v\u00e9nement passionnant et tr\u00e8s fr\u00e9quent\u00e9, organis\u00e9 par le club Kinsmen local.<br><\/p>\n\n\n\n<p>Les op\u00e9rateurs m\u00e9caniciens Devin, Erica et Dylan ont particip\u00e9 au d\u00e9fil\u00e9 du P\u00e8re No\u00ebl de Parkhill dans la municipalit\u00e9 de North Middlesex le 21 novembre.<br><\/p>\n\n\n\n<p>Le 1er d\u00e9cembre, le personnel de l&rsquo;AOE a particip\u00e9 au d\u00e9fil\u00e9 du P\u00e8re No\u00ebl \u00e0 Stratford. Ce fut un grand succ\u00e8s avec une belle participation !<\/p>\n\n\n\n<p><\/p>\n","protected":false},"excerpt":{"rendered":"<p>Le personnel de l&rsquo;AOE c\u00e9l\u00e8bre la p\u00e9riode des F\u00eates partout en Ontario en participant aux d\u00e9fil\u00e9s locaux du P\u00e8re No\u00ebl. La ville de St. Marys a organis\u00e9 son d\u00e9fil\u00e9 du P\u00e8re No\u00ebl le 15 novembre. Le personnel de l&rsquo;AOE et leurs familles ont particip\u00e9 \u00e0 cet \u00e9v\u00e9nement passionnant et tr\u00e8s fr\u00e9quent\u00e9, organis\u00e9 par le club [&hellip;]<\/p>\n","protected":false},"author":1,"featured_media":0,"comment_status":"closed","ping_status":"closed","sticky":false,"template":"","format":"standard","meta":{"_acf_changed":false,"footnotes":""},"categories":[12],"tags":[],"class_list":["post-4302","post","type-post","status-publish","format-standard","hentry","category-non-classifiee"],"acf":[],"yoast_head":"<!-- This site is optimized with the Yoast SEO plugin v27.4 - https:\/\/yoast.com\/product\/yoast-seo-wordpress\/ -->\n<title>L&#039;AOE participe aux d\u00e9fil\u00e9s locaux du P\u00e8re No\u00ebl - OCWA<\/title>\n<meta name=\"robots\" content=\"index, follow, max-snippet:-1, max-image-preview:large, max-video-preview:-1\" \/>\n<link rel=\"canonical\" href=\"https:\/\/www.ocwa.com\/fr\/ocwa-participates-in-local-santa-claus-parades\/\" \/>\n<meta property=\"og:locale\" content=\"fr_FR\" \/>\n<meta property=\"og:type\" content=\"article\" \/>\n<meta property=\"og:title\" content=\"L&#039;AOE participe aux d\u00e9fil\u00e9s locaux du P\u00e8re No\u00ebl - OCWA\" \/>\n<meta property=\"og:description\" content=\"Le personnel de l&rsquo;AOE c\u00e9l\u00e8bre la p\u00e9riode des F\u00eates partout en Ontario en participant aux d\u00e9fil\u00e9s locaux du P\u00e8re No\u00ebl. La ville de St. Marys a organis\u00e9 son d\u00e9fil\u00e9 du P\u00e8re No\u00ebl le 15 novembre. Le personnel de l&rsquo;AOE et leurs familles ont particip\u00e9 \u00e0 cet \u00e9v\u00e9nement passionnant et tr\u00e8s fr\u00e9quent\u00e9, organis\u00e9 par le club [&hellip;]\" \/>\n<meta property=\"og:url\" content=\"https:\/\/www.ocwa.com\/fr\/ocwa-participates-in-local-santa-claus-parades\/\" \/>\n<meta property=\"og:site_name\" content=\"OCWA\" \/>\n<meta property=\"article:published_time\" content=\"2024-12-10T14:38:25+00:00\" \/>\n<meta property=\"article:modified_time\" content=\"2026-03-17T17:32:53+00:00\" \/>\n<meta property=\"og:image\" content=\"https:\/\/www.ocwa.com\/wp-content\/uploads\/2024\/12\/stratford-parade1-1-rotated.jpg\" \/>\n\t<meta property=\"og:image:width\" content=\"640\" \/>\n\t<meta property=\"og:image:height\" content=\"480\" \/>\n\t<meta property=\"og:image:type\" content=\"image\/jpeg\" \/>\n<meta name=\"author\" content=\"etsadmin\" \/>\n<meta name=\"twitter:card\" content=\"summary_large_image\" \/>\n<meta name=\"twitter:label1\" content=\"\u00c9crit par\" \/>\n\t<meta name=\"twitter:data1\" content=\"etsadmin\" \/>\n\t<meta name=\"twitter:label2\" content=\"Dur\u00e9e de lecture estim\u00e9e\" \/>\n\t<meta name=\"twitter:data2\" content=\"2 minutes\" \/>\n<script type=\"application\/ld+json\" class=\"yoast-schema-graph\">{\"@context\":\"https:\\\/\\\/schema.org\",\"@graph\":[{\"@type\":\"Article\",\"@id\":\"https:\\\/\\\/www.ocwa.com\\\/fr\\\/ocwa-participates-in-local-santa-claus-parades\\\/#article\",\"isPartOf\":{\"@id\":\"https:\\\/\\\/www.ocwa.com\\\/fr\\\/ocwa-participates-in-local-santa-claus-parades\\\/\"},\"author\":{\"name\":\"etsadmin\",\"@id\":\"https:\\\/\\\/www.ocwa.com\\\/fr\\\/#\\\/schema\\\/person\\\/1a3d6e4420d168daab35fd51d71c05aa\"},\"headline\":\"L&rsquo;AOE participe aux d\u00e9fil\u00e9s locaux du P\u00e8re No\u00ebl\",\"datePublished\":\"2024-12-10T14:38:25+00:00\",\"dateModified\":\"2026-03-17T17:32:53+00:00\",\"mainEntityOfPage\":{\"@id\":\"https:\\\/\\\/www.ocwa.com\\\/fr\\\/ocwa-participates-in-local-santa-claus-parades\\\/\"},\"wordCount\":187,\"image\":{\"@id\":\"https:\\\/\\\/www.ocwa.com\\\/fr\\\/ocwa-participates-in-local-santa-claus-parades\\\/#primaryimage\"},\"thumbnailUrl\":\"https:\\\/\\\/www.ocwa.com\\\/wp-content\\\/uploads\\\/2024\\\/12\\\/stratford-parade1-1-rotated.jpg\",\"articleSection\":[\"Non classifi\u00e9(e)\"],\"inLanguage\":\"fr-FR\"},{\"@type\":\"WebPage\",\"@id\":\"https:\\\/\\\/www.ocwa.com\\\/fr\\\/ocwa-participates-in-local-santa-claus-parades\\\/\",\"url\":\"https:\\\/\\\/www.ocwa.com\\\/fr\\\/ocwa-participates-in-local-santa-claus-parades\\\/\",\"name\":\"L'AOE participe aux d\u00e9fil\u00e9s locaux du P\u00e8re No\u00ebl - OCWA\",\"isPartOf\":{\"@id\":\"https:\\\/\\\/www.ocwa.com\\\/fr\\\/#website\"},\"primaryImageOfPage\":{\"@id\":\"https:\\\/\\\/www.ocwa.com\\\/fr\\\/ocwa-participates-in-local-santa-claus-parades\\\/#primaryimage\"},\"image\":{\"@id\":\"https:\\\/\\\/www.ocwa.com\\\/fr\\\/ocwa-participates-in-local-santa-claus-parades\\\/#primaryimage\"},\"thumbnailUrl\":\"https:\\\/\\\/www.ocwa.com\\\/wp-content\\\/uploads\\\/2024\\\/12\\\/stratford-parade1-1-rotated.jpg\",\"datePublished\":\"2024-12-10T14:38:25+00:00\",\"dateModified\":\"2026-03-17T17:32:53+00:00\",\"author\":{\"@id\":\"https:\\\/\\\/www.ocwa.com\\\/fr\\\/#\\\/schema\\\/person\\\/1a3d6e4420d168daab35fd51d71c05aa\"},\"breadcrumb\":{\"@id\":\"https:\\\/\\\/www.ocwa.com\\\/fr\\\/ocwa-participates-in-local-santa-claus-parades\\\/#breadcrumb\"},\"inLanguage\":\"fr-FR\",\"potentialAction\":[{\"@type\":\"ReadAction\",\"target\":[\"https:\\\/\\\/www.ocwa.com\\\/fr\\\/ocwa-participates-in-local-santa-claus-parades\\\/\"]}]},{\"@type\":\"ImageObject\",\"inLanguage\":\"fr-FR\",\"@id\":\"https:\\\/\\\/www.ocwa.com\\\/fr\\\/ocwa-participates-in-local-santa-claus-parades\\\/#primaryimage\",\"url\":\"https:\\\/\\\/www.ocwa.com\\\/wp-content\\\/uploads\\\/2024\\\/12\\\/stratford-parade1-1-rotated.jpg\",\"contentUrl\":\"https:\\\/\\\/www.ocwa.com\\\/wp-content\\\/uploads\\\/2024\\\/12\\\/stratford-parade1-1-rotated.jpg\"},{\"@type\":\"BreadcrumbList\",\"@id\":\"https:\\\/\\\/www.ocwa.com\\\/fr\\\/ocwa-participates-in-local-santa-claus-parades\\\/#breadcrumb\",\"itemListElement\":[{\"@type\":\"ListItem\",\"position\":1,\"name\":\"Home\",\"item\":\"https:\\\/\\\/www.ocwa.com\\\/fr\\\/\"},{\"@type\":\"ListItem\",\"position\":2,\"name\":\"L&#8217;AOE participe aux d\u00e9fil\u00e9s locaux du P\u00e8re No\u00ebl\"}]},{\"@type\":\"WebSite\",\"@id\":\"https:\\\/\\\/www.ocwa.com\\\/fr\\\/#website\",\"url\":\"https:\\\/\\\/www.ocwa.com\\\/fr\\\/\",\"name\":\"OCWA\",\"description\":\"Just another WordPress site\",\"potentialAction\":[{\"@type\":\"SearchAction\",\"target\":{\"@type\":\"EntryPoint\",\"urlTemplate\":\"https:\\\/\\\/www.ocwa.com\\\/fr\\\/?s={search_term_string}\"},\"query-input\":{\"@type\":\"PropertyValueSpecification\",\"valueRequired\":true,\"valueName\":\"search_term_string\"}}],\"inLanguage\":\"fr-FR\"},{\"@type\":\"Person\",\"@id\":\"https:\\\/\\\/www.ocwa.com\\\/fr\\\/#\\\/schema\\\/person\\\/1a3d6e4420d168daab35fd51d71c05aa\",\"name\":\"etsadmin\",\"image\":{\"@type\":\"ImageObject\",\"inLanguage\":\"fr-FR\",\"@id\":\"https:\\\/\\\/secure.gravatar.com\\\/avatar\\\/2267e1e3ba30c02078cb2c89254a5fe7c99fc5bf608e9dd7ff927913fb849aa0?s=96&d=mm&r=g\",\"url\":\"https:\\\/\\\/secure.gravatar.com\\\/avatar\\\/2267e1e3ba30c02078cb2c89254a5fe7c99fc5bf608e9dd7ff927913fb849aa0?s=96&d=mm&r=g\",\"contentUrl\":\"https:\\\/\\\/secure.gravatar.com\\\/avatar\\\/2267e1e3ba30c02078cb2c89254a5fe7c99fc5bf608e9dd7ff927913fb849aa0?s=96&d=mm&r=g\",\"caption\":\"etsadmin\"},\"sameAs\":[\"https:\\\/\\\/www.ocwa.com\"],\"url\":\"https:\\\/\\\/www.ocwa.com\\\/fr\\\/author\\\/etsadmin\\\/\"}]}<\/script>\n<!-- \/ Yoast SEO plugin. -->","yoast_head_json":{"title":"L'AOE participe aux d\u00e9fil\u00e9s locaux du P\u00e8re No\u00ebl - OCWA","robots":{"index":"index","follow":"follow","max-snippet":"max-snippet:-1","max-image-preview":"max-image-preview:large","max-video-preview":"max-video-preview:-1"},"canonical":"https:\/\/www.ocwa.com\/fr\/ocwa-participates-in-local-santa-claus-parades\/","og_locale":"fr_FR","og_type":"article","og_title":"L'AOE participe aux d\u00e9fil\u00e9s locaux du P\u00e8re No\u00ebl - OCWA","og_description":"Le personnel de l&rsquo;AOE c\u00e9l\u00e8bre la p\u00e9riode des F\u00eates partout en Ontario en participant aux d\u00e9fil\u00e9s locaux du P\u00e8re No\u00ebl. La ville de St. Marys a organis\u00e9 son d\u00e9fil\u00e9 du P\u00e8re No\u00ebl le 15 novembre. Le personnel de l&rsquo;AOE et leurs familles ont particip\u00e9 \u00e0 cet \u00e9v\u00e9nement passionnant et tr\u00e8s fr\u00e9quent\u00e9, organis\u00e9 par le club [&hellip;]","og_url":"https:\/\/www.ocwa.com\/fr\/ocwa-participates-in-local-santa-claus-parades\/","og_site_name":"OCWA","article_published_time":"2024-12-10T14:38:25+00:00","article_modified_time":"2026-03-17T17:32:53+00:00","og_image":[{"width":640,"height":480,"url":"https:\/\/www.ocwa.com\/wp-content\/uploads\/2024\/12\/stratford-parade1-1-rotated.jpg","type":"image\/jpeg"}],"author":"etsadmin","twitter_card":"summary_large_image","twitter_misc":{"\u00c9crit par":"etsadmin","Dur\u00e9e de lecture estim\u00e9e":"2 minutes"},"schema":{"@context":"https:\/\/schema.org","@graph":[{"@type":"Article","@id":"https:\/\/www.ocwa.com\/fr\/ocwa-participates-in-local-santa-claus-parades\/#article","isPartOf":{"@id":"https:\/\/www.ocwa.com\/fr\/ocwa-participates-in-local-santa-claus-parades\/"},"author":{"name":"etsadmin","@id":"https:\/\/www.ocwa.com\/fr\/#\/schema\/person\/1a3d6e4420d168daab35fd51d71c05aa"},"headline":"L&rsquo;AOE participe aux d\u00e9fil\u00e9s locaux du P\u00e8re No\u00ebl","datePublished":"2024-12-10T14:38:25+00:00","dateModified":"2026-03-17T17:32:53+00:00","mainEntityOfPage":{"@id":"https:\/\/www.ocwa.com\/fr\/ocwa-participates-in-local-santa-claus-parades\/"},"wordCount":187,"image":{"@id":"https:\/\/www.ocwa.com\/fr\/ocwa-participates-in-local-santa-claus-parades\/#primaryimage"},"thumbnailUrl":"https:\/\/www.ocwa.com\/wp-content\/uploads\/2024\/12\/stratford-parade1-1-rotated.jpg","articleSection":["Non classifi\u00e9(e)"],"inLanguage":"fr-FR"},{"@type":"WebPage","@id":"https:\/\/www.ocwa.com\/fr\/ocwa-participates-in-local-santa-claus-parades\/","url":"https:\/\/www.ocwa.com\/fr\/ocwa-participates-in-local-santa-claus-parades\/","name":"L'AOE participe aux d\u00e9fil\u00e9s locaux du P\u00e8re No\u00ebl - OCWA","isPartOf":{"@id":"https:\/\/www.ocwa.com\/fr\/#website"},"primaryImageOfPage":{"@id":"https:\/\/www.ocwa.com\/fr\/ocwa-participates-in-local-santa-claus-parades\/#primaryimage"},"image":{"@id":"https:\/\/www.ocwa.com\/fr\/ocwa-participates-in-local-santa-claus-parades\/#primaryimage"},"thumbnailUrl":"https:\/\/www.ocwa.com\/wp-content\/uploads\/2024\/12\/stratford-parade1-1-rotated.jpg","datePublished":"2024-12-10T14:38:25+00:00","dateModified":"2026-03-17T17:32:53+00:00","author":{"@id":"https:\/\/www.ocwa.com\/fr\/#\/schema\/person\/1a3d6e4420d168daab35fd51d71c05aa"},"breadcrumb":{"@id":"https:\/\/www.ocwa.com\/fr\/ocwa-participates-in-local-santa-claus-parades\/#breadcrumb"},"inLanguage":"fr-FR","potentialAction":[{"@type":"ReadAction","target":["https:\/\/www.ocwa.com\/fr\/ocwa-participates-in-local-santa-claus-parades\/"]}]},{"@type":"ImageObject","inLanguage":"fr-FR","@id":"https:\/\/www.ocwa.com\/fr\/ocwa-participates-in-local-santa-claus-parades\/#primaryimage","url":"https:\/\/www.ocwa.com\/wp-content\/uploads\/2024\/12\/stratford-parade1-1-rotated.jpg","contentUrl":"https:\/\/www.ocwa.com\/wp-content\/uploads\/2024\/12\/stratford-parade1-1-rotated.jpg"},{"@type":"BreadcrumbList","@id":"https:\/\/www.ocwa.com\/fr\/ocwa-participates-in-local-santa-claus-parades\/#breadcrumb","itemListElement":[{"@type":"ListItem","position":1,"name":"Home","item":"https:\/\/www.ocwa.com\/fr\/"},{"@type":"ListItem","position":2,"name":"L&#8217;AOE participe aux d\u00e9fil\u00e9s locaux du P\u00e8re No\u00ebl"}]},{"@type":"WebSite","@id":"https:\/\/www.ocwa.com\/fr\/#website","url":"https:\/\/www.ocwa.com\/fr\/","name":"OCWA","description":"Just another WordPress site","potentialAction":[{"@type":"SearchAction","target":{"@type":"EntryPoint","urlTemplate":"https:\/\/www.ocwa.com\/fr\/?s={search_term_string}"},"query-input":{"@type":"PropertyValueSpecification","valueRequired":true,"valueName":"search_term_string"}}],"inLanguage":"fr-FR"},{"@type":"Person","@id":"https:\/\/www.ocwa.com\/fr\/#\/schema\/person\/1a3d6e4420d168daab35fd51d71c05aa","name":"etsadmin","image":{"@type":"ImageObject","inLanguage":"fr-FR","@id":"https:\/\/secure.gravatar.com\/avatar\/2267e1e3ba30c02078cb2c89254a5fe7c99fc5bf608e9dd7ff927913fb849aa0?s=96&d=mm&r=g","url":"https:\/\/secure.gravatar.com\/avatar\/2267e1e3ba30c02078cb2c89254a5fe7c99fc5bf608e9dd7ff927913fb849aa0?s=96&d=mm&r=g","contentUrl":"https:\/\/secure.gravatar.com\/avatar\/2267e1e3ba30c02078cb2c89254a5fe7c99fc5bf608e9dd7ff927913fb849aa0?s=96&d=mm&r=g","caption":"etsadmin"},"sameAs":["https:\/\/www.ocwa.com"],"url":"https:\/\/www.ocwa.com\/fr\/author\/etsadmin\/"}]}},"formatted_date":"10 d\u00e9cembre 2024","_links":{"self":[{"href":"https:\/\/www.ocwa.com\/fr\/wp-json\/wp\/v2\/posts\/4302","targetHints":{"allow":["GET"]}}],"collection":[{"href":"https:\/\/www.ocwa.com\/fr\/wp-json\/wp\/v2\/posts"}],"about":[{"href":"https:\/\/www.ocwa.com\/fr\/wp-json\/wp\/v2\/types\/post"}],"author":[{"embeddable":true,"href":"https:\/\/www.ocwa.com\/fr\/wp-json\/wp\/v2\/users\/1"}],"replies":[{"embeddable":true,"href":"https:\/\/www.ocwa.com\/fr\/wp-json\/wp\/v2\/comments?post=4302"}],"version-history":[{"count":3,"href":"https:\/\/www.ocwa.com\/fr\/wp-json\/wp\/v2\/posts\/4302\/revisions"}],"predecessor-version":[{"id":4306,"href":"https:\/\/www.ocwa.com\/fr\/wp-json\/wp\/v2\/posts\/4302\/revisions\/4306"}],"wp:attachment":[{"href":"https:\/\/www.ocwa.com\/fr\/wp-json\/wp\/v2\/media?parent=4302"}],"wp:term":[{"taxonomy":"category","embeddable":true,"href":"https:\/\/www.ocwa.com\/fr\/wp-json\/wp\/v2\/categories?post=4302"},{"taxonomy":"post_tag","embeddable":true,"href":"https:\/\/www.ocwa.com\/fr\/wp-json\/wp\/v2\/tags?post=4302"}],"curies":[{"name":"wp","href":"https:\/\/api.w.org\/{rel}","templated":true}]}}